{"id":654,"date":"2021-11-10T09:19:29","date_gmt":"2021-11-10T08:19:29","guid":{"rendered":"https:\/\/objectif-inclusion-decines.com\/?p=654"},"modified":"2021-11-10T09:19:31","modified_gmt":"2021-11-10T08:19:31","slug":"les-cles-dun-territoire-inclusif","status":"publish","type":"post","link":"https:\/\/objectif-inclusion-decines.com\/index.php\/2021\/11\/10\/les-cles-dun-territoire-inclusif\/","title":{"rendered":"Les cl\u00e9s d\u2019un territoire inclusif"},"content":{"rendered":"\n<p>La Fondation OVE qui a un stand sur le salon des maires, a ax\u00e9 sa communication sur \u00ab&nbsp;les cl\u00e9s d\u2019un territoire inclusif&nbsp;\u00bb<\/p>\n\n\n\n<p style=\"text-align:center\">Une conf\u00e9rence y est consacr\u00e9e: <strong>Mercredi 17 Novembre  <\/strong><\/p>\n\n\n\n<div class=\"wp-block-button aligncenter\"><a class=\"wp-block-button__link has-background\" href=\"https:\/\/www.salondesmaires.com\/programme\/\" style=\"background-color:#1ca1a6\">D\u00e9couvrez la conf\u00e9rence<\/a><\/div>\n\n\n\n<p style=\"text-align:center\">Pour d\u00e9couvrir les cl\u00e9s d&rsquo;un territoire inclusif <\/p>\n\n\n\n<div class=\"wp-block-button aligncenter\"><a class=\"wp-block-button__link has-background\" href=\"https:\/\/www.fondation-ove.fr\/aide-aux-associations\/les-cles-dun-territoire-inclusif\/#:~:text=Pour%20la%20CNSA%20les%20besoins,aide%20\u00e0%20l'inclusion%20sociale\" style=\"background-color:#1ca1a6\">C&rsquo;est par ici !&nbsp;<\/a><\/div>\n","protected":false},"excerpt":{"rendered":"<p>La Fondation OVE qui a un stand sur le salon des maires, a ax\u00e9 sa communication sur \u00ab&nbsp;les cl\u00e9s d\u2019un territoire inclusif&nbsp;\u00bb Une conf\u00e9rence y est consacr\u00e9e: Mercredi 17 Novembre Pour d\u00e9couvrir les cl\u00e9s d&rsquo;un territoire inclusif<\/p>\n","protected":false},"author":1,"featured_media":0,"comment_status":"open","ping_status":"open","sticky":false,"template":"","format":"standard","meta":{"_uag_custom_page_level_css":"","footnotes":""},"categories":[1],"tags":[],"class_list":["post-654","post","type-post","status-publish","format-standard","hentry","category-evenement"],"yoast_head":"<!-- This site is optimized with the Yoast SEO plugin v27.4 - https:\/\/yoast.com\/product\/yoast-seo-wordpress\/ -->\n<title>Les cl\u00e9s d\u2019un territoire inclusif - Objectif Inclusion D\u00e9cines<\/title>\n<meta name=\"robots\" content=\"index, follow, max-snippet:-1, max-image-preview:large, max-video-preview:-1\" \/>\n<link rel=\"canonical\" href=\"https:\/\/objectif-inclusion-decines.com\/index.php\/2021\/11\/10\/les-cles-dun-territoire-inclusif\/\" \/>\n<meta property=\"og:locale\" content=\"fr_FR\" \/>\n<meta property=\"og:type\" content=\"article\" \/>\n<meta property=\"og:title\" content=\"Les cl\u00e9s d\u2019un territoire inclusif - Objectif Inclusion D\u00e9cines\" \/>\n<meta property=\"og:description\" content=\"La Fondation OVE qui a un stand sur le salon des maires, a ax\u00e9 sa communication sur \u00ab&nbsp;les cl\u00e9s d\u2019un territoire inclusif&nbsp;\u00bb Une conf\u00e9rence y est consacr\u00e9e: Mercredi 17 Novembre Pour d\u00e9couvrir les cl\u00e9s d&rsquo;un territoire inclusif\" \/>\n<meta property=\"og:url\" content=\"https:\/\/objectif-inclusion-decines.com\/index.php\/2021\/11\/10\/les-cles-dun-territoire-inclusif\/\" \/>\n<meta property=\"og:site_name\" content=\"Objectif Inclusion D\u00e9cines\" \/>\n<meta property=\"article:published_time\" content=\"2021-11-10T08:19:29+00:00\" \/>\n<meta property=\"article:modified_time\" content=\"2021-11-10T08:19:31+00:00\" \/>\n<meta name=\"author\" content=\"AdminDecines\" \/>\n<meta name=\"twitter:card\" content=\"summary_large_image\" \/>\n<meta name=\"twitter:label1\" content=\"\u00c9crit par\" \/>\n\t<meta name=\"twitter:data1\" content=\"AdminDecines\" \/>\n<script type=\"application\/ld+json\" class=\"yoast-schema-graph\">{\"@context\":\"https:\\\/\\\/schema.org\",\"@graph\":[{\"@type\":\"Article\",\"@id\":\"https:\\\/\\\/objectif-inclusion-decines.com\\\/index.php\\\/2021\\\/11\\\/10\\\/les-cles-dun-territoire-inclusif\\\/#article\",\"isPartOf\":{\"@id\":\"https:\\\/\\\/objectif-inclusion-decines.com\\\/index.php\\\/2021\\\/11\\\/10\\\/les-cles-dun-territoire-inclusif\\\/\"},\"author\":{\"name\":\"AdminDecines\",\"@id\":\"https:\\\/\\\/objectif-inclusion-decines.com\\\/#\\\/schema\\\/person\\\/e6da87c8c52b2474fcd4a19e453bfc21\"},\"headline\":\"Les cl\u00e9s d\u2019un territoire inclusif\",\"datePublished\":\"2021-11-10T08:19:29+00:00\",\"dateModified\":\"2021-11-10T08:19:31+00:00\",\"mainEntityOfPage\":{\"@id\":\"https:\\\/\\\/objectif-inclusion-decines.com\\\/index.php\\\/2021\\\/11\\\/10\\\/les-cles-dun-territoire-inclusif\\\/\"},\"wordCount\":60,\"commentCount\":0,\"articleSection\":[\"\u00c9v\u00e9nement\"],\"inLanguage\":\"fr-FR\",\"potentialAction\":[{\"@type\":\"CommentAction\",\"name\":\"Comment\",\"target\":[\"https:\\\/\\\/objectif-inclusion-decines.com\\\/index.php\\\/2021\\\/11\\\/10\\\/les-cles-dun-territoire-inclusif\\\/#respond\"]}]},{\"@type\":\"WebPage\",\"@id\":\"https:\\\/\\\/objectif-inclusion-decines.com\\\/index.php\\\/2021\\\/11\\\/10\\\/les-cles-dun-territoire-inclusif\\\/\",\"url\":\"https:\\\/\\\/objectif-inclusion-decines.com\\\/index.php\\\/2021\\\/11\\\/10\\\/les-cles-dun-territoire-inclusif\\\/\",\"name\":\"Les cl\u00e9s d\u2019un territoire inclusif - Objectif Inclusion D\u00e9cines\",\"isPartOf\":{\"@id\":\"https:\\\/\\\/objectif-inclusion-decines.com\\\/#website\"},\"datePublished\":\"2021-11-10T08:19:29+00:00\",\"dateModified\":\"2021-11-10T08:19:31+00:00\",\"author\":{\"@id\":\"https:\\\/\\\/objectif-inclusion-decines.com\\\/#\\\/schema\\\/person\\\/e6da87c8c52b2474fcd4a19e453bfc21\"},\"breadcrumb\":{\"@id\":\"https:\\\/\\\/objectif-inclusion-decines.com\\\/index.php\\\/2021\\\/11\\\/10\\\/les-cles-dun-territoire-inclusif\\\/#breadcrumb\"},\"inLanguage\":\"fr-FR\",\"potentialAction\":[{\"@type\":\"ReadAction\",\"target\":[\"https:\\\/\\\/objectif-inclusion-decines.com\\\/index.php\\\/2021\\\/11\\\/10\\\/les-cles-dun-territoire-inclusif\\\/\"]}]},{\"@type\":\"BreadcrumbList\",\"@id\":\"https:\\\/\\\/objectif-inclusion-decines.com\\\/index.php\\\/2021\\\/11\\\/10\\\/les-cles-dun-territoire-inclusif\\\/#breadcrumb\",\"itemListElement\":[{\"@type\":\"ListItem\",\"position\":1,\"name\":\"Accueil\",\"item\":\"https:\\\/\\\/objectif-inclusion-decines.com\\\/\"},{\"@type\":\"ListItem\",\"position\":2,\"name\":\"Les cl\u00e9s d\u2019un territoire inclusif\"}]},{\"@type\":\"WebSite\",\"@id\":\"https:\\\/\\\/objectif-inclusion-decines.com\\\/#website\",\"url\":\"https:\\\/\\\/objectif-inclusion-decines.com\\\/\",\"name\":\"Objectif Inclusion D\u00e9cines\",\"description\":\"Objectif Inclusion D\u00e9cines\",\"potentialAction\":[{\"@type\":\"SearchAction\",\"target\":{\"@type\":\"EntryPoint\",\"urlTemplate\":\"https:\\\/\\\/objectif-inclusion-decines.com\\\/?s={search_term_string}\"},\"query-input\":{\"@type\":\"PropertyValueSpecification\",\"valueRequired\":true,\"valueName\":\"search_term_string\"}}],\"inLanguage\":\"fr-FR\"},{\"@type\":\"Person\",\"@id\":\"https:\\\/\\\/objectif-inclusion-decines.com\\\/#\\\/schema\\\/person\\\/e6da87c8c52b2474fcd4a19e453bfc21\",\"name\":\"AdminDecines\",\"image\":{\"@type\":\"ImageObject\",\"inLanguage\":\"fr-FR\",\"@id\":\"https:\\\/\\\/secure.gravatar.com\\\/avatar\\\/db7c55c7e8a5ec09bccbb951f652f5f545b2140f408dcdc844637e9b9014d3e5?s=96&d=mm&r=g\",\"url\":\"https:\\\/\\\/secure.gravatar.com\\\/avatar\\\/db7c55c7e8a5ec09bccbb951f652f5f545b2140f408dcdc844637e9b9014d3e5?s=96&d=mm&r=g\",\"contentUrl\":\"https:\\\/\\\/secure.gravatar.com\\\/avatar\\\/db7c55c7e8a5ec09bccbb951f652f5f545b2140f408dcdc844637e9b9014d3e5?s=96&d=mm&r=g\",\"caption\":\"AdminDecines\"},\"url\":\"https:\\\/\\\/objectif-inclusion-decines.com\\\/index.php\\\/author\\\/admindecines\\\/\"}]}<\/script>\n<!-- \/ Yoast SEO plugin. -->","yoast_head_json":{"title":"Les cl\u00e9s d\u2019un territoire inclusif - Objectif Inclusion D\u00e9cines","robots":{"index":"index","follow":"follow","max-snippet":"max-snippet:-1","max-image-preview":"max-image-preview:large","max-video-preview":"max-video-preview:-1"},"canonical":"https:\/\/objectif-inclusion-decines.com\/index.php\/2021\/11\/10\/les-cles-dun-territoire-inclusif\/","og_locale":"fr_FR","og_type":"article","og_title":"Les cl\u00e9s d\u2019un territoire inclusif - Objectif Inclusion D\u00e9cines","og_description":"La Fondation OVE qui a un stand sur le salon des maires, a ax\u00e9 sa communication sur \u00ab&nbsp;les cl\u00e9s d\u2019un territoire inclusif&nbsp;\u00bb Une conf\u00e9rence y est consacr\u00e9e: Mercredi 17 Novembre Pour d\u00e9couvrir les cl\u00e9s d&rsquo;un territoire inclusif","og_url":"https:\/\/objectif-inclusion-decines.com\/index.php\/2021\/11\/10\/les-cles-dun-territoire-inclusif\/","og_site_name":"Objectif Inclusion D\u00e9cines","article_published_time":"2021-11-10T08:19:29+00:00","article_modified_time":"2021-11-10T08:19:31+00:00","author":"AdminDecines","twitter_card":"summary_large_image","twitter_misc":{"\u00c9crit par":"AdminDecines"},"schema":{"@context":"https:\/\/schema.org","@graph":[{"@type":"Article","@id":"https:\/\/objectif-inclusion-decines.com\/index.php\/2021\/11\/10\/les-cles-dun-territoire-inclusif\/#article","isPartOf":{"@id":"https:\/\/objectif-inclusion-decines.com\/index.php\/2021\/11\/10\/les-cles-dun-territoire-inclusif\/"},"author":{"name":"AdminDecines","@id":"https:\/\/objectif-inclusion-decines.com\/#\/schema\/person\/e6da87c8c52b2474fcd4a19e453bfc21"},"headline":"Les cl\u00e9s d\u2019un territoire inclusif","datePublished":"2021-11-10T08:19:29+00:00","dateModified":"2021-11-10T08:19:31+00:00","mainEntityOfPage":{"@id":"https:\/\/objectif-inclusion-decines.com\/index.php\/2021\/11\/10\/les-cles-dun-territoire-inclusif\/"},"wordCount":60,"commentCount":0,"articleSection":["\u00c9v\u00e9nement"],"inLanguage":"fr-FR","potentialAction":[{"@type":"CommentAction","name":"Comment","target":["https:\/\/objectif-inclusion-decines.com\/index.php\/2021\/11\/10\/les-cles-dun-territoire-inclusif\/#respond"]}]},{"@type":"WebPage","@id":"https:\/\/objectif-inclusion-decines.com\/index.php\/2021\/11\/10\/les-cles-dun-territoire-inclusif\/","url":"https:\/\/objectif-inclusion-decines.com\/index.php\/2021\/11\/10\/les-cles-dun-territoire-inclusif\/","name":"Les cl\u00e9s d\u2019un territoire inclusif - Objectif Inclusion D\u00e9cines","isPartOf":{"@id":"https:\/\/objectif-inclusion-decines.com\/#website"},"datePublished":"2021-11-10T08:19:29+00:00","dateModified":"2021-11-10T08:19:31+00:00","author":{"@id":"https:\/\/objectif-inclusion-decines.com\/#\/schema\/person\/e6da87c8c52b2474fcd4a19e453bfc21"},"breadcrumb":{"@id":"https:\/\/objectif-inclusion-decines.com\/index.php\/2021\/11\/10\/les-cles-dun-territoire-inclusif\/#breadcrumb"},"inLanguage":"fr-FR","potentialAction":[{"@type":"ReadAction","target":["https:\/\/objectif-inclusion-decines.com\/index.php\/2021\/11\/10\/les-cles-dun-territoire-inclusif\/"]}]},{"@type":"BreadcrumbList","@id":"https:\/\/objectif-inclusion-decines.com\/index.php\/2021\/11\/10\/les-cles-dun-territoire-inclusif\/#breadcrumb","itemListElement":[{"@type":"ListItem","position":1,"name":"Accueil","item":"https:\/\/objectif-inclusion-decines.com\/"},{"@type":"ListItem","position":2,"name":"Les cl\u00e9s d\u2019un territoire inclusif"}]},{"@type":"WebSite","@id":"https:\/\/objectif-inclusion-decines.com\/#website","url":"https:\/\/objectif-inclusion-decines.com\/","name":"Objectif Inclusion D\u00e9cines","description":"Objectif Inclusion D\u00e9cines","potentialAction":[{"@type":"SearchAction","target":{"@type":"EntryPoint","urlTemplate":"https:\/\/objectif-inclusion-decines.com\/?s={search_term_string}"},"query-input":{"@type":"PropertyValueSpecification","valueRequired":true,"valueName":"search_term_string"}}],"inLanguage":"fr-FR"},{"@type":"Person","@id":"https:\/\/objectif-inclusion-decines.com\/#\/schema\/person\/e6da87c8c52b2474fcd4a19e453bfc21","name":"AdminDecines","image":{"@type":"ImageObject","inLanguage":"fr-FR","@id":"https:\/\/secure.gravatar.com\/avatar\/db7c55c7e8a5ec09bccbb951f652f5f545b2140f408dcdc844637e9b9014d3e5?s=96&d=mm&r=g","url":"https:\/\/secure.gravatar.com\/avatar\/db7c55c7e8a5ec09bccbb951f652f5f545b2140f408dcdc844637e9b9014d3e5?s=96&d=mm&r=g","contentUrl":"https:\/\/secure.gravatar.com\/avatar\/db7c55c7e8a5ec09bccbb951f652f5f545b2140f408dcdc844637e9b9014d3e5?s=96&d=mm&r=g","caption":"AdminDecines"},"url":"https:\/\/objectif-inclusion-decines.com\/index.php\/author\/admindecines\/"}]}},"uagb_featured_image_src":{"full":false,"thumbnail":false,"medium":false,"medium_large":false,"large":false,"1536x1536":false,"2048x2048":false,"themetechmount-img-blog":false,"themetechmount-img-blog-left":false,"themetechmount-img-blog-top":false,"themetechmount-img-portfolio":false,"themetechmount-img-team-member":false},"uagb_author_info":{"display_name":"AdminDecines","author_link":"https:\/\/objectif-inclusion-decines.com\/index.php\/author\/admindecines\/"},"uagb_comment_info":0,"uagb_excerpt":"La Fondation OVE qui a un stand sur le salon des maires, a ax\u00e9 sa communication sur \u00ab&nbsp;les cl\u00e9s d\u2019un territoire inclusif&nbsp;\u00bb Une conf\u00e9rence y est consacr\u00e9e: Mercredi 17 Novembre Pour d\u00e9couvrir les cl\u00e9s d&rsquo;un territoire inclusif","_links":{"self":[{"href":"https:\/\/objectif-inclusion-decines.com\/index.php\/wp-json\/wp\/v2\/posts\/654","targetHints":{"allow":["GET"]}}],"collection":[{"href":"https:\/\/objectif-inclusion-decines.com\/index.php\/wp-json\/wp\/v2\/posts"}],"about":[{"href":"https:\/\/objectif-inclusion-decines.com\/index.php\/wp-json\/wp\/v2\/types\/post"}],"author":[{"embeddable":true,"href":"https:\/\/objectif-inclusion-decines.com\/index.php\/wp-json\/wp\/v2\/users\/1"}],"replies":[{"embeddable":true,"href":"https:\/\/objectif-inclusion-decines.com\/index.php\/wp-json\/wp\/v2\/comments?post=654"}],"version-history":[{"count":3,"href":"https:\/\/objectif-inclusion-decines.com\/index.php\/wp-json\/wp\/v2\/posts\/654\/revisions"}],"predecessor-version":[{"id":658,"href":"https:\/\/objectif-inclusion-decines.com\/index.php\/wp-json\/wp\/v2\/posts\/654\/revisions\/658"}],"wp:attachment":[{"href":"https:\/\/objectif-inclusion-decines.com\/index.php\/wp-json\/wp\/v2\/media?parent=654"}],"wp:term":[{"taxonomy":"category","embeddable":true,"href":"https:\/\/objectif-inclusion-decines.com\/index.php\/wp-json\/wp\/v2\/categories?post=654"},{"taxonomy":"post_tag","embeddable":true,"href":"https:\/\/objectif-inclusion-decines.com\/index.php\/wp-json\/wp\/v2\/tags?post=654"}],"curies":[{"name":"wp","href":"https:\/\/api.w.org\/{rel}","templated":true}]}}