{"id":918,"date":"2024-04-26T14:55:33","date_gmt":"2024-04-26T12:55:33","guid":{"rendered":"https:\/\/objectif-inclusion-decines.com\/?p=918"},"modified":"2024-04-26T15:13:14","modified_gmt":"2024-04-26T13:13:14","slug":"elementor-918","status":"publish","type":"post","link":"https:\/\/objectif-inclusion-decines.com\/index.php\/2024\/04\/26\/elementor-918\/","title":{"rendered":"Elementor #918"},"content":{"rendered":"\t\t<div data-elementor-type=\"wp-post\" data-elementor-id=\"918\" class=\"elementor elementor-918\">\n\t\t\t\t<div class=\"elementor-element elementor-element-7b4eb5f e-flex e-con-boxed e-con e-parent\" data-id=\"7b4eb5f\" data-element_type=\"container\" data-e-type=\"container\">\n\t\t\t\t\t<div class=\"e-con-inner\">\n\t\t\t\t<div class=\"elementor-element elementor-element-ff89cd2 elementor-widget elementor-widget-heading\" data-id=\"ff89cd2\" data-element_type=\"widget\" data-e-type=\"widget\" data-widget_type=\"heading.default\">\n\t\t\t\t<div class=\"elementor-widget-container\">\n\t\t\t\t\t<h2 class=\"elementor-heading-title elementor-size-default\">Retour sur la quatri\u00e8me \u00e9dition d'Objectif Inclusion Emploi <\/h2>\t\t\t\t<\/div>\n\t\t\t\t<\/div>\n\t\t\t\t\t<\/div>\n\t\t\t\t<\/div>\n\t\t<div class=\"elementor-element elementor-element-e5765be e-flex e-con-boxed e-con e-parent\" data-id=\"e5765be\" data-element_type=\"container\" data-e-type=\"container\">\n\t\t\t\t\t<div class=\"e-con-inner\">\n\t\t\t\t<div class=\"elementor-element elementor-element-44b2447 elementor-widget elementor-widget-image\" data-id=\"44b2447\" data-element_type=\"widget\" data-e-type=\"widget\" data-widget_type=\"image.default\">\n\t\t\t\t<div class=\"elementor-widget-container\">\n\t\t\t\t\t\t\t\t\t\t\t\t\t\t\t<img fetchpriority=\"high\" decoding=\"async\" width=\"847\" height=\"344\" src=\"https:\/\/objectif-inclusion-decines.com\/wp-content\/uploads\/2024\/04\/vignette-retour-OIE-2024-1024x416.png\" class=\"attachment-large size-large wp-image-921\" alt=\"\" srcset=\"https:\/\/objectif-inclusion-decines.com\/wp-content\/uploads\/2024\/04\/vignette-retour-OIE-2024-1024x416.png 1024w, https:\/\/objectif-inclusion-decines.com\/wp-content\/uploads\/2024\/04\/vignette-retour-OIE-2024-300x122.png 300w, https:\/\/objectif-inclusion-decines.com\/wp-content\/uploads\/2024\/04\/vignette-retour-OIE-2024-768x312.png 768w, https:\/\/objectif-inclusion-decines.com\/wp-content\/uploads\/2024\/04\/vignette-retour-OIE-2024-1536x623.png 1536w, https:\/\/objectif-inclusion-decines.com\/wp-content\/uploads\/2024\/04\/vignette-retour-OIE-2024-2048x831.png 2048w\" sizes=\"(max-width: 847px) 100vw, 847px\" data-id=\"921\" \/>\t\t\t\t\t\t\t\t\t\t\t\t\t\t\t<\/div>\n\t\t\t\t<\/div>\n\t\t\t\t\t<\/div>\n\t\t\t\t<\/div>\n\t\t<div class=\"elementor-element elementor-element-8122a0c e-flex e-con-boxed e-con e-parent\" data-id=\"8122a0c\" data-element_type=\"container\" data-e-type=\"container\">\n\t\t\t\t\t<div class=\"e-con-inner\">\n\t\t\t\t<div class=\"elementor-element elementor-element-5358672 elementor-widget elementor-widget-text-editor\" data-id=\"5358672\" data-element_type=\"widget\" data-e-type=\"widget\" data-widget_type=\"text-editor.default\">\n\t\t\t\t<div class=\"elementor-widget-container\">\n\t\t\t\t\t\t\t\t\t<p>\u2728Objectif Inclusion Emploi \u2013 (Re)valoriser les m\u00e9tiers du prendre soin \u2728<br \/>\u00a0<br \/>\ud83d\udcf9 Retour en vid\u00e9o sur la quatri\u00e8me \u00e9dition\u00a0! \ud83d\udcf9<br \/>\u00a0<br \/>\ud83d\ude4f Un grand merci \u00e0 toutes et \u00e0 tous pour votre pr\u00e9sence, vos t\u00e9moignages et la richesse des \u00e9changes\u00a0!<br \/>\u00a0<br \/>\ud83d\udcc5 Vendredi 12 avril, Le\u00a0<a href=\"https:\/\/www.linkedin.com\/company\/objectif-inclusion-d%C3%A9cines\/\" data-attribute-index=\"0\" data-entity-type=\"MINI_COMPANY\">Collectif Objectif Inclusion D\u00e9cines<\/a>, soutenu par le\u00a0<a href=\"https:\/\/www.linkedin.com\/company\/groupe-em2c\/\" data-attribute-index=\"2\" data-entity-type=\"MINI_COMPANY\">Groupe em2c<\/a>\u00a0et la\u00a0<a href=\"https:\/\/www.linkedin.com\/company\/ove---oeuvre-des-villages-d%27enfants\/\" data-attribute-index=\"4\" data-entity-type=\"MINI_COMPANY\">Fondation OVE<\/a>, et dans le cadre du Festival des m\u00e9tiers du prendre soin, organis\u00e9 par la\u00a0<a href=\"https:\/\/www.linkedin.com\/company\/maison-metropolitaine-d-insertion-pour-l-emploi\/\" data-attribute-index=\"6\" data-entity-type=\"MINI_COMPANY\">MMI&rsquo;e &#8211; Maison M\u00e9tropolitaine d&rsquo;Insertion pour l&rsquo;Emploi<\/a>\u00a0ont organis\u00e9 une matin\u00e9e autour de la (re)valorisation des m\u00e9tiers du prendre soin \u00e0\u00a0<a href=\"https:\/\/www.linkedin.com\/company\/le-toboggan-lyon\/\" data-attribute-index=\"8\" data-entity-type=\"MINI_COMPANY\">Le Toboggan<\/a>\u00a0!<br \/>\u00a0<br \/>Au programme de cette journ\u00e9e\u00a0: le lancement de la journ\u00e9e par\u00a0<a href=\"https:\/\/www.linkedin.com\/in\/ACoAAAM-jhkBx_B1AY7mN5It9iCvd2V76iY60pM\" data-attribute-index=\"10\" data-entity-type=\"MINI_PROFILE\">Virginie Delalande\u2728<\/a>\u00a0des tables rondes illustr\u00e9es en direct par\u00a0<a href=\"https:\/\/www.linkedin.com\/in\/ACoAAAneC5YBqTfoEPIQP62GAEn-_caxt7hIyio\" data-attribute-index=\"12\" data-entity-type=\"MINI_PROFILE\">Emmanuelle Kiener<\/a>, une conf\u00e9rence inspirante de\u00a0<a href=\"https:\/\/www.linkedin.com\/in\/ACoAAClhHy0BeWURtU44EmMPoeEvjFZe1qLKDt4\" data-attribute-index=\"14\" data-entity-type=\"MINI_PROFILE\">Monia ITJI<\/a>\u00a0et l&rsquo;exposition \u00ab\u00a0Les reflets du handicap\u00a0\u00bb, de l&rsquo;association\u00a0<a href=\"https:\/\/www.linkedin.com\/company\/drawyourfight\/\" data-attribute-index=\"16\" data-entity-type=\"MINI_COMPANY\">DRAW YOUR FIGHT<\/a>\u00a0!<br \/>\u00a0<\/p>\t\t\t\t\t\t\t\t<\/div>\n\t\t\t\t<\/div>\n\t\t\t\t\t<\/div>\n\t\t\t\t<\/div>\n\t\t<div class=\"elementor-element elementor-element-9fc6578 e-flex e-con-boxed e-con e-parent\" data-id=\"9fc6578\" data-element_type=\"container\" data-e-type=\"container\">\n\t\t\t\t\t<div class=\"e-con-inner\">\n\t\t\t\t<div class=\"elementor-element elementor-element-5508e1f elementor-widget elementor-widget-video\" data-id=\"5508e1f\" data-element_type=\"widget\" data-e-type=\"widget\" data-settings=\"{&quot;youtube_url&quot;:&quot;https:\\\/\\\/youtu.be\\\/zbpTY26jknI&quot;,&quot;video_type&quot;:&quot;youtube&quot;,&quot;controls&quot;:&quot;yes&quot;}\" data-widget_type=\"video.default\">\n\t\t\t\t<div class=\"elementor-widget-container\">\n\t\t\t\t\t\t\t<div class=\"elementor-wrapper elementor-open-inline\">\n\t\t\t<div class=\"elementor-video\"><\/div>\t\t<\/div>\n\t\t\t\t\t\t<\/div>\n\t\t\t\t<\/div>\n\t\t\t\t\t<\/div>\n\t\t\t\t<\/div>\n\t\t<div class=\"elementor-element elementor-element-49613dc e-flex e-con-boxed e-con e-parent\" data-id=\"49613dc\" data-element_type=\"container\" data-e-type=\"container\">\n\t\t\t\t\t<div class=\"e-con-inner\">\n\t\t\t\t\t<\/div>\n\t\t\t\t<\/div>\n\t\t\t\t<\/div>\n\t\t","protected":false},"excerpt":{"rendered":"<p>Retour sur la quatri\u00e8me \u00e9dition d&rsquo;Objectif Inclusion Emploi \u2728Objectif Inclusion Emploi \u2013 (Re)valoriser les m\u00e9tiers du prendre soin \u2728\u00a0\ud83d\udcf9 Retour en vid\u00e9o sur la quatri\u00e8me \u00e9dition\u00a0! \ud83d\udcf9\u00a0\ud83d\ude4f Un grand merci \u00e0 toutes et \u00e0 tous pour votre pr\u00e9sence, vos t\u00e9moignages et la richesse des \u00e9changes\u00a0!\u00a0\ud83d\udcc5 Vendredi 12 avril, Le\u00a0Collectif Objectif Inclusion D\u00e9cines, soutenu par le\u00a0Groupe &hellip; <a href=\"https:\/\/objectif-inclusion-decines.com\/index.php\/2024\/04\/26\/elementor-918\/\" class=\"more-link\">Continue reading <span class=\"screen-reader-text\">Elementor #918<\/span><\/a><\/p>\n","protected":false},"author":1,"featured_media":0,"comment_status":"open","ping_status":"open","sticky":false,"template":"","format":"standard","meta":{"_uag_custom_page_level_css":"","footnotes":""},"categories":[1],"tags":[],"class_list":["post-918","post","type-post","status-publish","format-standard","hentry","category-evenement"],"yoast_head":"<!-- This site is optimized with the Yoast SEO plugin v27.4 - https:\/\/yoast.com\/product\/yoast-seo-wordpress\/ -->\n<title>Elementor #918 - Objectif Inclusion D\u00e9cines<\/title>\n<meta name=\"robots\" content=\"index, follow, max-snippet:-1, max-image-preview:large, max-video-preview:-1\" \/>\n<link rel=\"canonical\" href=\"https:\/\/objectif-inclusion-decines.com\/index.php\/2024\/04\/26\/elementor-918\/\" \/>\n<meta property=\"og:locale\" content=\"fr_FR\" \/>\n<meta property=\"og:type\" content=\"article\" \/>\n<meta property=\"og:title\" content=\"Elementor #918 - Objectif Inclusion D\u00e9cines\" \/>\n<meta property=\"og:description\" content=\"Retour sur la quatri\u00e8me \u00e9dition d&rsquo;Objectif Inclusion Emploi \u2728Objectif Inclusion Emploi \u2013 (Re)valoriser les m\u00e9tiers du prendre soin \u2728\u00a0\ud83d\udcf9 Retour en vid\u00e9o sur la quatri\u00e8me \u00e9dition\u00a0! \ud83d\udcf9\u00a0\ud83d\ude4f Un grand merci \u00e0 toutes et \u00e0 tous pour votre pr\u00e9sence, vos t\u00e9moignages et la richesse des \u00e9changes\u00a0!\u00a0\ud83d\udcc5 Vendredi 12 avril, Le\u00a0Collectif Objectif Inclusion D\u00e9cines, soutenu par le\u00a0Groupe &hellip; Continue reading Elementor #918\" \/>\n<meta property=\"og:url\" content=\"https:\/\/objectif-inclusion-decines.com\/index.php\/2024\/04\/26\/elementor-918\/\" \/>\n<meta property=\"og:site_name\" content=\"Objectif Inclusion D\u00e9cines\" \/>\n<meta property=\"article:published_time\" content=\"2024-04-26T12:55:33+00:00\" \/>\n<meta property=\"article:modified_time\" content=\"2024-04-26T13:13:14+00:00\" \/>\n<meta property=\"og:image\" content=\"https:\/\/objectif-inclusion-decines.com\/wp-content\/uploads\/2024\/04\/vignette-retour-OIE-2024-1024x416.png\" \/>\n<meta name=\"author\" content=\"AdminDecines\" \/>\n<meta name=\"twitter:card\" content=\"summary_large_image\" \/>\n<meta name=\"twitter:label1\" content=\"\u00c9crit par\" \/>\n\t<meta name=\"twitter:data1\" content=\"AdminDecines\" \/>\n\t<meta name=\"twitter:label2\" content=\"Dur\u00e9e de lecture estim\u00e9e\" \/>\n\t<meta name=\"twitter:data2\" content=\"1 minute\" \/>\n<script type=\"application\/ld+json\" class=\"yoast-schema-graph\">{\"@context\":\"https:\\\/\\\/schema.org\",\"@graph\":[{\"@type\":\"Article\",\"@id\":\"https:\\\/\\\/objectif-inclusion-decines.com\\\/index.php\\\/2024\\\/04\\\/26\\\/elementor-918\\\/#article\",\"isPartOf\":{\"@id\":\"https:\\\/\\\/objectif-inclusion-decines.com\\\/index.php\\\/2024\\\/04\\\/26\\\/elementor-918\\\/\"},\"author\":{\"name\":\"AdminDecines\",\"@id\":\"https:\\\/\\\/objectif-inclusion-decines.com\\\/#\\\/schema\\\/person\\\/e6da87c8c52b2474fcd4a19e453bfc21\"},\"headline\":\"Elementor #918\",\"datePublished\":\"2024-04-26T12:55:33+00:00\",\"dateModified\":\"2024-04-26T13:13:14+00:00\",\"mainEntityOfPage\":{\"@id\":\"https:\\\/\\\/objectif-inclusion-decines.com\\\/index.php\\\/2024\\\/04\\\/26\\\/elementor-918\\\/\"},\"wordCount\":155,\"commentCount\":0,\"image\":{\"@id\":\"https:\\\/\\\/objectif-inclusion-decines.com\\\/index.php\\\/2024\\\/04\\\/26\\\/elementor-918\\\/#primaryimage\"},\"thumbnailUrl\":\"https:\\\/\\\/objectif-inclusion-decines.com\\\/wp-content\\\/uploads\\\/2024\\\/04\\\/vignette-retour-OIE-2024-1024x416.png\",\"articleSection\":[\"\u00c9v\u00e9nement\"],\"inLanguage\":\"fr-FR\",\"potentialAction\":[{\"@type\":\"CommentAction\",\"name\":\"Comment\",\"target\":[\"https:\\\/\\\/objectif-inclusion-decines.com\\\/index.php\\\/2024\\\/04\\\/26\\\/elementor-918\\\/#respond\"]}]},{\"@type\":\"WebPage\",\"@id\":\"https:\\\/\\\/objectif-inclusion-decines.com\\\/index.php\\\/2024\\\/04\\\/26\\\/elementor-918\\\/\",\"url\":\"https:\\\/\\\/objectif-inclusion-decines.com\\\/index.php\\\/2024\\\/04\\\/26\\\/elementor-918\\\/\",\"name\":\"Elementor #918 - Objectif Inclusion D\u00e9cines\",\"isPartOf\":{\"@id\":\"https:\\\/\\\/objectif-inclusion-decines.com\\\/#website\"},\"primaryImageOfPage\":{\"@id\":\"https:\\\/\\\/objectif-inclusion-decines.com\\\/index.php\\\/2024\\\/04\\\/26\\\/elementor-918\\\/#primaryimage\"},\"image\":{\"@id\":\"https:\\\/\\\/objectif-inclusion-decines.com\\\/index.php\\\/2024\\\/04\\\/26\\\/elementor-918\\\/#primaryimage\"},\"thumbnailUrl\":\"https:\\\/\\\/objectif-inclusion-decines.com\\\/wp-content\\\/uploads\\\/2024\\\/04\\\/vignette-retour-OIE-2024-1024x416.png\",\"datePublished\":\"2024-04-26T12:55:33+00:00\",\"dateModified\":\"2024-04-26T13:13:14+00:00\",\"author\":{\"@id\":\"https:\\\/\\\/objectif-inclusion-decines.com\\\/#\\\/schema\\\/person\\\/e6da87c8c52b2474fcd4a19e453bfc21\"},\"breadcrumb\":{\"@id\":\"https:\\\/\\\/objectif-inclusion-decines.com\\\/index.php\\\/2024\\\/04\\\/26\\\/elementor-918\\\/#breadcrumb\"},\"inLanguage\":\"fr-FR\",\"potentialAction\":[{\"@type\":\"ReadAction\",\"target\":[\"https:\\\/\\\/objectif-inclusion-decines.com\\\/index.php\\\/2024\\\/04\\\/26\\\/elementor-918\\\/\"]}]},{\"@type\":\"ImageObject\",\"inLanguage\":\"fr-FR\",\"@id\":\"https:\\\/\\\/objectif-inclusion-decines.com\\\/index.php\\\/2024\\\/04\\\/26\\\/elementor-918\\\/#primaryimage\",\"url\":\"https:\\\/\\\/objectif-inclusion-decines.com\\\/wp-content\\\/uploads\\\/2024\\\/04\\\/vignette-retour-OIE-2024.png\",\"contentUrl\":\"https:\\\/\\\/objectif-inclusion-decines.com\\\/wp-content\\\/uploads\\\/2024\\\/04\\\/vignette-retour-OIE-2024.png\",\"width\":11393,\"height\":4623},{\"@type\":\"BreadcrumbList\",\"@id\":\"https:\\\/\\\/objectif-inclusion-decines.com\\\/index.php\\\/2024\\\/04\\\/26\\\/elementor-918\\\/#breadcrumb\",\"itemListElement\":[{\"@type\":\"ListItem\",\"position\":1,\"name\":\"Accueil\",\"item\":\"https:\\\/\\\/objectif-inclusion-decines.com\\\/\"},{\"@type\":\"ListItem\",\"position\":2,\"name\":\"Elementor #918\"}]},{\"@type\":\"WebSite\",\"@id\":\"https:\\\/\\\/objectif-inclusion-decines.com\\\/#website\",\"url\":\"https:\\\/\\\/objectif-inclusion-decines.com\\\/\",\"name\":\"Objectif Inclusion D\u00e9cines\",\"description\":\"Objectif Inclusion D\u00e9cines\",\"potentialAction\":[{\"@type\":\"SearchAction\",\"target\":{\"@type\":\"EntryPoint\",\"urlTemplate\":\"https:\\\/\\\/objectif-inclusion-decines.com\\\/?s={search_term_string}\"},\"query-input\":{\"@type\":\"PropertyValueSpecification\",\"valueRequired\":true,\"valueName\":\"search_term_string\"}}],\"inLanguage\":\"fr-FR\"},{\"@type\":\"Person\",\"@id\":\"https:\\\/\\\/objectif-inclusion-decines.com\\\/#\\\/schema\\\/person\\\/e6da87c8c52b2474fcd4a19e453bfc21\",\"name\":\"AdminDecines\",\"image\":{\"@type\":\"ImageObject\",\"inLanguage\":\"fr-FR\",\"@id\":\"https:\\\/\\\/secure.gravatar.com\\\/avatar\\\/db7c55c7e8a5ec09bccbb951f652f5f545b2140f408dcdc844637e9b9014d3e5?s=96&d=mm&r=g\",\"url\":\"https:\\\/\\\/secure.gravatar.com\\\/avatar\\\/db7c55c7e8a5ec09bccbb951f652f5f545b2140f408dcdc844637e9b9014d3e5?s=96&d=mm&r=g\",\"contentUrl\":\"https:\\\/\\\/secure.gravatar.com\\\/avatar\\\/db7c55c7e8a5ec09bccbb951f652f5f545b2140f408dcdc844637e9b9014d3e5?s=96&d=mm&r=g\",\"caption\":\"AdminDecines\"},\"url\":\"https:\\\/\\\/objectif-inclusion-decines.com\\\/index.php\\\/author\\\/admindecines\\\/\"}]}<\/script>\n<!-- \/ Yoast SEO plugin. -->","yoast_head_json":{"title":"Elementor #918 - Objectif Inclusion D\u00e9cines","robots":{"index":"index","follow":"follow","max-snippet":"max-snippet:-1","max-image-preview":"max-image-preview:large","max-video-preview":"max-video-preview:-1"},"canonical":"https:\/\/objectif-inclusion-decines.com\/index.php\/2024\/04\/26\/elementor-918\/","og_locale":"fr_FR","og_type":"article","og_title":"Elementor #918 - Objectif Inclusion D\u00e9cines","og_description":"Retour sur la quatri\u00e8me \u00e9dition d&rsquo;Objectif Inclusion Emploi \u2728Objectif Inclusion Emploi \u2013 (Re)valoriser les m\u00e9tiers du prendre soin \u2728\u00a0\ud83d\udcf9 Retour en vid\u00e9o sur la quatri\u00e8me \u00e9dition\u00a0! \ud83d\udcf9\u00a0\ud83d\ude4f Un grand merci \u00e0 toutes et \u00e0 tous pour votre pr\u00e9sence, vos t\u00e9moignages et la richesse des \u00e9changes\u00a0!\u00a0\ud83d\udcc5 Vendredi 12 avril, Le\u00a0Collectif Objectif Inclusion D\u00e9cines, soutenu par le\u00a0Groupe &hellip; Continue reading Elementor #918","og_url":"https:\/\/objectif-inclusion-decines.com\/index.php\/2024\/04\/26\/elementor-918\/","og_site_name":"Objectif Inclusion D\u00e9cines","article_published_time":"2024-04-26T12:55:33+00:00","article_modified_time":"2024-04-26T13:13:14+00:00","og_image":[{"url":"https:\/\/objectif-inclusion-decines.com\/wp-content\/uploads\/2024\/04\/vignette-retour-OIE-2024-1024x416.png","type":"","width":"","height":""}],"author":"AdminDecines","twitter_card":"summary_large_image","twitter_misc":{"\u00c9crit par":"AdminDecines","Dur\u00e9e de lecture estim\u00e9e":"1 minute"},"schema":{"@context":"https:\/\/schema.org","@graph":[{"@type":"Article","@id":"https:\/\/objectif-inclusion-decines.com\/index.php\/2024\/04\/26\/elementor-918\/#article","isPartOf":{"@id":"https:\/\/objectif-inclusion-decines.com\/index.php\/2024\/04\/26\/elementor-918\/"},"author":{"name":"AdminDecines","@id":"https:\/\/objectif-inclusion-decines.com\/#\/schema\/person\/e6da87c8c52b2474fcd4a19e453bfc21"},"headline":"Elementor #918","datePublished":"2024-04-26T12:55:33+00:00","dateModified":"2024-04-26T13:13:14+00:00","mainEntityOfPage":{"@id":"https:\/\/objectif-inclusion-decines.com\/index.php\/2024\/04\/26\/elementor-918\/"},"wordCount":155,"commentCount":0,"image":{"@id":"https:\/\/objectif-inclusion-decines.com\/index.php\/2024\/04\/26\/elementor-918\/#primaryimage"},"thumbnailUrl":"https:\/\/objectif-inclusion-decines.com\/wp-content\/uploads\/2024\/04\/vignette-retour-OIE-2024-1024x416.png","articleSection":["\u00c9v\u00e9nement"],"inLanguage":"fr-FR","potentialAction":[{"@type":"CommentAction","name":"Comment","target":["https:\/\/objectif-inclusion-decines.com\/index.php\/2024\/04\/26\/elementor-918\/#respond"]}]},{"@type":"WebPage","@id":"https:\/\/objectif-inclusion-decines.com\/index.php\/2024\/04\/26\/elementor-918\/","url":"https:\/\/objectif-inclusion-decines.com\/index.php\/2024\/04\/26\/elementor-918\/","name":"Elementor #918 - Objectif Inclusion D\u00e9cines","isPartOf":{"@id":"https:\/\/objectif-inclusion-decines.com\/#website"},"primaryImageOfPage":{"@id":"https:\/\/objectif-inclusion-decines.com\/index.php\/2024\/04\/26\/elementor-918\/#primaryimage"},"image":{"@id":"https:\/\/objectif-inclusion-decines.com\/index.php\/2024\/04\/26\/elementor-918\/#primaryimage"},"thumbnailUrl":"https:\/\/objectif-inclusion-decines.com\/wp-content\/uploads\/2024\/04\/vignette-retour-OIE-2024-1024x416.png","datePublished":"2024-04-26T12:55:33+00:00","dateModified":"2024-04-26T13:13:14+00:00","author":{"@id":"https:\/\/objectif-inclusion-decines.com\/#\/schema\/person\/e6da87c8c52b2474fcd4a19e453bfc21"},"breadcrumb":{"@id":"https:\/\/objectif-inclusion-decines.com\/index.php\/2024\/04\/26\/elementor-918\/#breadcrumb"},"inLanguage":"fr-FR","potentialAction":[{"@type":"ReadAction","target":["https:\/\/objectif-inclusion-decines.com\/index.php\/2024\/04\/26\/elementor-918\/"]}]},{"@type":"ImageObject","inLanguage":"fr-FR","@id":"https:\/\/objectif-inclusion-decines.com\/index.php\/2024\/04\/26\/elementor-918\/#primaryimage","url":"https:\/\/objectif-inclusion-decines.com\/wp-content\/uploads\/2024\/04\/vignette-retour-OIE-2024.png","contentUrl":"https:\/\/objectif-inclusion-decines.com\/wp-content\/uploads\/2024\/04\/vignette-retour-OIE-2024.png","width":11393,"height":4623},{"@type":"BreadcrumbList","@id":"https:\/\/objectif-inclusion-decines.com\/index.php\/2024\/04\/26\/elementor-918\/#breadcrumb","itemListElement":[{"@type":"ListItem","position":1,"name":"Accueil","item":"https:\/\/objectif-inclusion-decines.com\/"},{"@type":"ListItem","position":2,"name":"Elementor #918"}]},{"@type":"WebSite","@id":"https:\/\/objectif-inclusion-decines.com\/#website","url":"https:\/\/objectif-inclusion-decines.com\/","name":"Objectif Inclusion D\u00e9cines","description":"Objectif Inclusion D\u00e9cines","potentialAction":[{"@type":"SearchAction","target":{"@type":"EntryPoint","urlTemplate":"https:\/\/objectif-inclusion-decines.com\/?s={search_term_string}"},"query-input":{"@type":"PropertyValueSpecification","valueRequired":true,"valueName":"search_term_string"}}],"inLanguage":"fr-FR"},{"@type":"Person","@id":"https:\/\/objectif-inclusion-decines.com\/#\/schema\/person\/e6da87c8c52b2474fcd4a19e453bfc21","name":"AdminDecines","image":{"@type":"ImageObject","inLanguage":"fr-FR","@id":"https:\/\/secure.gravatar.com\/avatar\/db7c55c7e8a5ec09bccbb951f652f5f545b2140f408dcdc844637e9b9014d3e5?s=96&d=mm&r=g","url":"https:\/\/secure.gravatar.com\/avatar\/db7c55c7e8a5ec09bccbb951f652f5f545b2140f408dcdc844637e9b9014d3e5?s=96&d=mm&r=g","contentUrl":"https:\/\/secure.gravatar.com\/avatar\/db7c55c7e8a5ec09bccbb951f652f5f545b2140f408dcdc844637e9b9014d3e5?s=96&d=mm&r=g","caption":"AdminDecines"},"url":"https:\/\/objectif-inclusion-decines.com\/index.php\/author\/admindecines\/"}]}},"uagb_featured_image_src":{"full":false,"thumbnail":false,"medium":false,"medium_large":false,"large":false,"1536x1536":false,"2048x2048":false,"themetechmount-img-blog":false,"themetechmount-img-blog-left":false,"themetechmount-img-blog-top":false,"themetechmount-img-portfolio":false,"themetechmount-img-team-member":false},"uagb_author_info":{"display_name":"AdminDecines","author_link":"https:\/\/objectif-inclusion-decines.com\/index.php\/author\/admindecines\/"},"uagb_comment_info":18,"uagb_excerpt":"Retour sur la quatri\u00e8me \u00e9dition d&rsquo;Objectif Inclusion Emploi \u2728Objectif Inclusion Emploi \u2013 (Re)valoriser les m\u00e9tiers du prendre soin \u2728\u00a0\ud83d\udcf9 Retour en vid\u00e9o sur la quatri\u00e8me \u00e9dition\u00a0! \ud83d\udcf9\u00a0\ud83d\ude4f Un grand merci \u00e0 toutes et \u00e0 tous pour votre pr\u00e9sence, vos t\u00e9moignages et la richesse des \u00e9changes\u00a0!\u00a0\ud83d\udcc5 Vendredi 12 avril, Le\u00a0Collectif Objectif Inclusion D\u00e9cines, soutenu par le\u00a0Groupe\u2026","_links":{"self":[{"href":"https:\/\/objectif-inclusion-decines.com\/index.php\/wp-json\/wp\/v2\/posts\/918","targetHints":{"allow":["GET"]}}],"collection":[{"href":"https:\/\/objectif-inclusion-decines.com\/index.php\/wp-json\/wp\/v2\/posts"}],"about":[{"href":"https:\/\/objectif-inclusion-decines.com\/index.php\/wp-json\/wp\/v2\/types\/post"}],"author":[{"embeddable":true,"href":"https:\/\/objectif-inclusion-decines.com\/index.php\/wp-json\/wp\/v2\/users\/1"}],"replies":[{"embeddable":true,"href":"https:\/\/objectif-inclusion-decines.com\/index.php\/wp-json\/wp\/v2\/comments?post=918"}],"version-history":[{"count":8,"href":"https:\/\/objectif-inclusion-decines.com\/index.php\/wp-json\/wp\/v2\/posts\/918\/revisions"}],"predecessor-version":[{"id":928,"href":"https:\/\/objectif-inclusion-decines.com\/index.php\/wp-json\/wp\/v2\/posts\/918\/revisions\/928"}],"wp:attachment":[{"href":"https:\/\/objectif-inclusion-decines.com\/index.php\/wp-json\/wp\/v2\/media?parent=918"}],"wp:term":[{"taxonomy":"category","embeddable":true,"href":"https:\/\/objectif-inclusion-decines.com\/index.php\/wp-json\/wp\/v2\/categories?post=918"},{"taxonomy":"post_tag","embeddable":true,"href":"https:\/\/objectif-inclusion-decines.com\/index.php\/wp-json\/wp\/v2\/tags?post=918"}],"curies":[{"name":"wp","href":"https:\/\/api.w.org\/{rel}","templated":true}]}}